{"id":1491,"date":"2024-05-27T18:00:33","date_gmt":"2024-05-27T16:00:33","guid":{"rendered":"https:\/\/fourpasbanal.fr\/?p=1491"},"modified":"2024-05-27T18:00:34","modified_gmt":"2024-05-27T16:00:34","slug":"venez-feter-la-musique-a-rouairoux","status":"publish","type":"post","link":"https:\/\/fourpasbanal.fr\/?p=1491","title":{"rendered":"Venez f\u00eater la musique \u00e0 Rouairoux !"},"content":{"rendered":"\n<p>Vendredi 21 juin nous vous accueillons \u00e0 Rouairoux pour chanter, danser, se r\u00e9galer ensemble !<\/p>\n\n\n\n<p>\u00e0 partir de 18h<\/p>\n\n\n\n<p>march\u00e9 de producteurs et artisans jusqu&rsquo;\u00e0 22h et musique jusqu&rsquo;au bout de la nuit<\/p>\n\n\n\n<p>buvette et restauration sur place<\/p>\n\n\n\n<figure class=\"wp-block-image size-large\"><img loading=\"lazy\" width=\"724\" height=\"1024\" src=\"https:\/\/fourpasbanal.fr\/wp-content\/uploads\/2024\/05\/fe\u0302te-de-la-musique-2024-au-FPB-1-724x1024.png\" alt=\"\" class=\"wp-image-1492\" srcset=\"https:\/\/fourpasbanal.fr\/wp-content\/uploads\/2024\/05\/fe\u0302te-de-la-musique-2024-au-FPB-1-724x1024.png 724w, https:\/\/fourpasbanal.fr\/wp-content\/uploads\/2024\/05\/fe\u0302te-de-la-musique-2024-au-FPB-1-212x300.png 212w, https:\/\/fourpasbanal.fr\/wp-content\/uploads\/2024\/05\/fe\u0302te-de-la-musique-2024-au-FPB-1-768x1086.png 768w, https:\/\/fourpasbanal.fr\/wp-content\/uploads\/2024\/05\/fe\u0302te-de-la-musique-2024-au-FPB-1-1086x1536.png 1086w, https:\/\/fourpasbanal.fr\/wp-content\/uploads\/2024\/05\/fe\u0302te-de-la-musique-2024-au-FPB-1-1448x2048.png 1448w, https:\/\/fourpasbanal.fr\/wp-content\/uploads\/2024\/05\/fe\u0302te-de-la-musique-2024-au-FPB-1-1140x1613.png 1140w, https:\/\/fourpasbanal.fr\/wp-content\/uploads\/2024\/05\/fe\u0302te-de-la-musique-2024-au-FPB-1.png 1587w\" sizes=\"(max-width: 724px) 100vw, 724px\" \/><\/figure>\n","protected":false},"excerpt":{"rendered":"<p>Vendredi 21 juin nous vous accueillons \u00e0 Rouairoux pour chanter, danser, se r\u00e9galer ensemble ! \u00e0 partir de 18h march\u00e9 de producteurs et artisans jusqu&rsquo;\u00e0 22h et musique jusqu&rsquo;au bout de la nuit buvette et restauration sur place<\/p>\n","protected":false},"author":2,"featured_media":1493,"comment_status":"closed","ping_status":"open","sticky":false,"template":"","format":"standard","meta":[],"categories":[3],"tags":[],"_links":{"self":[{"href":"https:\/\/fourpasbanal.fr\/index.php?rest_route=\/wp\/v2\/posts\/1491"}],"collection":[{"href":"https:\/\/fourpasbanal.fr\/index.php?rest_route=\/wp\/v2\/posts"}],"about":[{"href":"https:\/\/fourpasbanal.fr\/index.php?rest_route=\/wp\/v2\/types\/post"}],"author":[{"embeddable":true,"href":"https:\/\/fourpasbanal.fr\/index.php?rest_route=\/wp\/v2\/users\/2"}],"replies":[{"embeddable":true,"href":"https:\/\/fourpasbanal.fr\/index.php?rest_route=%2Fwp%2Fv2%2Fcomments&post=1491"}],"version-history":[{"count":1,"href":"https:\/\/fourpasbanal.fr\/index.php?rest_route=\/wp\/v2\/posts\/1491\/revisions"}],"predecessor-version":[{"id":1494,"href":"https:\/\/fourpasbanal.fr\/index.php?rest_route=\/wp\/v2\/posts\/1491\/revisions\/1494"}],"wp:featuredmedia":[{"embeddable":true,"href":"https:\/\/fourpasbanal.fr\/index.php?rest_route=\/wp\/v2\/media\/1493"}],"wp:attachment":[{"href":"https:\/\/fourpasbanal.fr\/index.php?rest_route=%2Fwp%2Fv2%2Fmedia&parent=1491"}],"wp:term":[{"taxonomy":"category","embeddable":true,"href":"https:\/\/fourpasbanal.fr\/index.php?rest_route=%2Fwp%2Fv2%2Fcategories&post=1491"},{"taxonomy":"post_tag","embeddable":true,"href":"https:\/\/fourpasbanal.fr\/index.php?rest_route=%2Fwp%2Fv2%2Ftags&post=1491"}],"curies":[{"name":"wp","href":"https:\/\/api.w.org\/{rel}","templated":true}]}}