{"id":1610,"date":"2026-04-28T14:55:01","date_gmt":"2026-04-28T12:55:01","guid":{"rendered":"https:\/\/fourpasbanal.fr\/?p=1610"},"modified":"2026-04-28T14:56:25","modified_gmt":"2026-04-28T12:56:25","slug":"fete-definde-printemps","status":"publish","type":"post","link":"https:\/\/fourpasbanal.fr\/?p=1610","title":{"rendered":"F\u00eate de(fin)de Printemps"},"content":{"rendered":"\n<p>Rendez-vous le 6 juin pour une grande journ\u00e9e festive au FPB<\/p>\n\n\n\n<p>Venez:<br>&#8211; vendre ou d\u00e9goter des petits tr\u00e9sors sur le vide-grenier de 9h \u00e0 16h<br>&#8211; apprendre \u00e0 faire du pain au levain avec Edith de 14h30 \u00e0 (environ) 17h (pensez \u00e0 r\u00e9server)<br>&#8211; vous faire tirer un portrait pas banal par Santiago toute la journ\u00e9e<br>&#8211; vous amuser au jardin avec le molky, la p\u00e9tanque et autres jeux d&rsquo;ext\u00e9rieur de 16h \u00e0 19h<br>&#8211; savourer les d\u00e9licieuses pizzas pas banales, bio et locales, \u00e0 partir de 19h30<br>&#8211; \u00e9couter et danser sur le son endiabl\u00e9 de Clunker ! d\u00e8s 20h<\/p>\n\n\n\n<p>Vous pourrez aussi toute la journ\u00e9e vous restaurer et trinquer \u00e0 la buvette du FPB<\/p>\n\n\n\n<p>On esp\u00e8re vous retrouver nombreux dans la joie et le partage de cette journ\u00e9e pas banale&#8230;Si vous \u00eates int\u00e9ress\u00e9 pour donner un coup de main en \u00e9tant b\u00e9n\u00e9vole \u00e0 un moment de la journ\u00e9e, n&rsquo;h\u00e9sitez pas \u00e0 nous contacter nous <\/p>\n\n\n\n<p>Et bien s\u00fbr, pour venir nous rejoindre, pensez \u00e0 covoiturer, ou \u00e0 utiliser le nouveau R\u00e9seau Pouce mis en place par le CIVAM (\u00e0 tester le 8 mai si vous aimez la course en stop)<\/p>\n\n\n\n<div style=\"height:50px\" aria-hidden=\"true\" class=\"wp-block-spacer\"><\/div>\n\n\n\n<figure class=\"wp-block-image size-large\"><img loading=\"lazy\" width=\"1024\" height=\"534\" src=\"https:\/\/fourpasbanal.fr\/wp-content\/uploads\/2026\/04\/couv-e\u0301ve\u0300nement-facebook-FPB-06.06.26-1024x534.png\" alt=\"\" class=\"wp-image-1611\" srcset=\"https:\/\/fourpasbanal.fr\/wp-content\/uploads\/2026\/04\/couv-e\u0301ve\u0300nement-facebook-FPB-06.06.26-1024x534.png 1024w, https:\/\/fourpasbanal.fr\/wp-content\/uploads\/2026\/04\/couv-e\u0301ve\u0300nement-facebook-FPB-06.06.26-300x157.png 300w, https:\/\/fourpasbanal.fr\/wp-content\/uploads\/2026\/04\/couv-e\u0301ve\u0300nement-facebook-FPB-06.06.26-768x401.png 768w, https:\/\/fourpasbanal.fr\/wp-content\/uploads\/2026\/04\/couv-e\u0301ve\u0300nement-facebook-FPB-06.06.26-1140x595.png 1140w, https:\/\/fourpasbanal.fr\/wp-content\/uploads\/2026\/04\/couv-e\u0301ve\u0300nement-facebook-FPB-06.06.26.png 1359w\" sizes=\"(max-width: 1024px) 100vw, 1024px\" \/><\/figure>\n","protected":false},"excerpt":{"rendered":"<p>Rendez-vous le 6 juin pour une grande journ\u00e9e festive au FPB Venez:&#8211; vendre ou d\u00e9goter des petits tr\u00e9sors sur le vide-grenier de 9h \u00e0 16h&#8211; apprendre \u00e0 faire du pain au levain avec Edith de 14h30 \u00e0 (environ) 17h (pensez \u00e0 r\u00e9server)&#8211; vous faire tirer un portrait pas banal par Santiago toute la journ\u00e9e&#8211; vous amuser au jardin avec le molky, la p\u00e9tanque et autres jeux d&rsquo;ext\u00e9rieur de 16h \u00e0 19h&#8211; savourer les d\u00e9licieuses pizzas pas banales, bio et locales, \u00e0 partir de 19h30&#8211; \u00e9couter et danser sur le son endiabl\u00e9 de Clunker ! d\u00e8s 20h Vous pourrez aussi toute la journ\u00e9e vous restaurer et trinquer \u00e0 la buvette du FPB On esp\u00e8re vous retrouver nombreux dans la joie et le partage de cette journ\u00e9e pas banale&#8230;Si vous \u00eates int\u00e9ress\u00e9 pour donner un coup de main en \u00e9tant b\u00e9n\u00e9vole \u00e0 un moment de la journ\u00e9e, n&rsquo;h\u00e9sitez pas \u00e0 nous contacter nous Et bien s\u00fbr, pour venir nous rejoindre, pensez \u00e0 covoiturer, ou \u00e0 utiliser le nouveau R\u00e9seau Pouce mis en place par le CIVAM (\u00e0 tester le 8 mai si vous aimez la course en stop)<\/p>\n","protected":false},"author":2,"featured_media":1606,"comment_status":"closed","ping_status":"open","sticky":false,"template":"","format":"standard","meta":[],"categories":[3],"tags":[],"_links":{"self":[{"href":"https:\/\/fourpasbanal.fr\/index.php?rest_route=\/wp\/v2\/posts\/1610"}],"collection":[{"href":"https:\/\/fourpasbanal.fr\/index.php?rest_route=\/wp\/v2\/posts"}],"about":[{"href":"https:\/\/fourpasbanal.fr\/index.php?rest_route=\/wp\/v2\/types\/post"}],"author":[{"embeddable":true,"href":"https:\/\/fourpasbanal.fr\/index.php?rest_route=\/wp\/v2\/users\/2"}],"replies":[{"embeddable":true,"href":"https:\/\/fourpasbanal.fr\/index.php?rest_route=%2Fwp%2Fv2%2Fcomments&post=1610"}],"version-history":[{"count":2,"href":"https:\/\/fourpasbanal.fr\/index.php?rest_route=\/wp\/v2\/posts\/1610\/revisions"}],"predecessor-version":[{"id":1614,"href":"https:\/\/fourpasbanal.fr\/index.php?rest_route=\/wp\/v2\/posts\/1610\/revisions\/1614"}],"wp:featuredmedia":[{"embeddable":true,"href":"https:\/\/fourpasbanal.fr\/index.php?rest_route=\/wp\/v2\/media\/1606"}],"wp:attachment":[{"href":"https:\/\/fourpasbanal.fr\/index.php?rest_route=%2Fwp%2Fv2%2Fmedia&parent=1610"}],"wp:term":[{"taxonomy":"category","embeddable":true,"href":"https:\/\/fourpasbanal.fr\/index.php?rest_route=%2Fwp%2Fv2%2Fcategories&post=1610"},{"taxonomy":"post_tag","embeddable":true,"href":"https:\/\/fourpasbanal.fr\/index.php?rest_route=%2Fwp%2Fv2%2Ftags&post=1610"}],"curies":[{"name":"wp","href":"https:\/\/api.w.org\/{rel}","templated":true}]}}